{"id":197,"date":"2015-04-24T16:54:44","date_gmt":"2015-04-24T20:54:44","guid":{"rendered":"http:\/\/www.sonimec.ca\/?p=197"},"modified":"2017-05-22T15:05:49","modified_gmt":"2017-05-22T19:05:49","slug":"sonorisation-de-zone","status":"publish","type":"post","link":"http:\/\/www.sonimec.ca\/index.php\/sonorisation-de-zone\/","title":{"rendered":"Sonorisation de Zone"},"content":{"rendered":"<style>.eic-frame-206 { width: 500px; height:500px; background-color: #444444; border: 2px solid #444444; }.eic-frame-206 .eic-image { border: 2px solid #444444; }<\/style><div class=\"eic-container\"><div class=\"eic-frame eic-frame-206 eic-frame-2-row-bottom-3-col\" data-layout-name=\"2-row-bottom-3-col\" data-orig-width=\"500\" data-orig-border=\"2\" data-ratio=\"1\"><div class=\"eic-rows\"><div class=\"eic-row eic-child-1\" style=\"top: 0; left: 0; right: 0; bottom: 50%; height: 50%;\"><div class=\"eic-image eic-image-0\" data-size-x=\"500\" data-size-y=\"500\" data-pos-x=\"0\" data-pos-y=\"-124\"><img src=\"http:\/\/www.sonimec.ca\/wp-content\/uploads\/2015\/04\/BOSEcc64g.jpg\" style=\"width: 500px !important;height: 500px !important;max-width: none !important;max-height: none !important;position: absolute !important;left: 0px !important;top: -124px !important;padding: 0 !important;margin: 0 !important;border: none !important;\" title=\"BOSEcc64g\" alt=\"BOSEcc64g\" \/><\/div><\/div><div class=\"eic-row eic-child-2\" style=\"bottom: 0; left: 0; right: 0; top: 50%; height: 50%;\"><div class=\"eic-cols\"><div class=\"eic-col eic-child-1\" style=\"top: 0; bottom: 0; left: 0; right: 33.333%; width: 33.333%;\"><div class=\"eic-image eic-image-1\" data-size-x=\"252\" data-size-y=\"252\" data-pos-x=\"-41\" data-pos-y=\"0\"><img src=\"http:\/\/www.sonimec.ca\/wp-content\/uploads\/2015\/04\/ESP160011_sm.jpg\" style=\"width: 252px !important;height: 252px !important;max-width: none !important;max-height: none !important;position: absolute !important;left: -41px !important;top: 0px !important;padding: 0 !important;margin: 0 !important;border: none !important;\" title=\"ESP1204 Processeur Bose Commercial\" alt=\"Bose Pro\" \/><\/div><\/div><div class=\"eic-col eic-child-2\" style=\"top: 0; bottom: 0; right: 0; left: 33.333%; width: 66.667%;\"><div class=\"eic-cols\"><div class=\"eic-col eic-child-1\" style=\"top: 0; bottom: 0; left: 0; right: 50%; width: 50%;\"><div class=\"eic-image eic-image-2\" data-size-x=\"444.6139534883721\" data-size-y=\"252\" data-pos-x=\"-137.80697674418604\" data-pos-y=\"0\"><img src=\"http:\/\/www.sonimec.ca\/wp-content\/uploads\/2016\/12\/Sipromac-V2-768x435.jpg\" style=\"width: 444px !important;height: 252px !important;max-width: none !important;max-height: none !important;position: absolute !important;left: -137.80697674418604px !important;top: 0px !important;padding: 0 !important;margin: 0 !important;border: none !important;\" title=\"Plan Bose\" alt=\"Plan Bose\" \/><\/div><\/div><div class=\"eic-col eic-child-2\" style=\"top: 0; bottom: 0; right: 0; left: 50%; width: 50%;\"><div class=\"eic-image eic-image-3\" data-size-x=\"442\" data-size-y=\"252\" data-pos-x=\"-136\" data-pos-y=\"0\"><img src=\"http:\/\/www.sonimec.ca\/wp-content\/uploads\/2015\/04\/Unknown-2.jpeg\" style=\"width: 442px !important;height: 252px !important;max-width: none !important;max-height: none !important;position: absolute !important;left: -136px !important;top: 0px !important;padding: 0 !important;margin: 0 !important;border: none !important;\" title=\"Controle iOS Bose Commercial Application Mobile\" alt=\"Controle iOS Bose Commercial Application Mobile\" \/><\/div><\/div><\/div><\/div><\/div><\/div><\/div><\/div><\/div>\n<p>&nbsp;<\/p>\n<p>&nbsp;<\/p>\n<p>Certains contextes n\u00e9cessitent de pouvoir distribuer diff\u00e9rentes sources sonores dans diff\u00e9rentes zones \u00e0 diff\u00e9rents volumes. Par exemple, un resto-bar peut avoir une terrasse, une salle de r\u00e9union priv\u00e9e et une zone d\u00e9di\u00e9e aux sports t\u00e9l\u00e9vis\u00e9s. Les sources sonores peuvent \u00eatre multiples. Outre la musique d&#8217;ambiance habituelle, il peut y avoir un micro sans fil pour l&#8217;animation, une prise murale pour le DJ ou les musiciens, etc. Pour ces situations, il existe des syst\u00e8mes de distribution centralis\u00e9s desquels on peut contr\u00f4ler toutes les zones ind\u00e9pendamment. Chaque zone peut avoir des prises audio ou vid\u00e9o ainsi que son contr\u00f4leur mural. On peut aussi contr\u00f4ler l&#8217;ensemble du syst\u00e8me via son t\u00e9l\u00e9phone intelligent. Ces syst\u00e8mes num\u00e9riques programmables permettent aussi de prot\u00e9ger le syst\u00e8me des exc\u00e8s de volume, de le r\u00e9gulariser et de fermer une zone\u00a0automatiquement \u00e0 une heure pr\u00e9cise.<\/p>\n<p>Sonimec vend plusieurs marques r\u00e9put\u00e9es dont les produits Bose Pro<\/p>\n<p><a title=\"Site Bose Pro\" href=\"http:\/\/worldwide.bose.com\/pro\/en_us\/web\/home\/page.html\" target=\"_blank\" rel=\"noopener noreferrer\">http:\/\/worldwide.bose.com\/pro\/en_us\/web\/home\/page.html<\/a><\/p>\n<div id=\"grid-gallery-5-31988\" data-gg-id=\"5\" data-title=\"Gamme produit Son\" data-grid-type=\"2\" data-offset=\"4.3\" data-area-position=\"center\" data-icons=\"false\" data-preloader=\"true\" data-width=\"auto\" data-height=\"40\" data-padding=\"40\" data-quicksand=\"disabled\" data-quicksand-duration=\"none\" data-popup-theme=\"theme_6\" data-popup-type=\"pretty-photo\" data-popup-image-text=\"data-description\" data-popup-widthsize=\"auto\" data-popup-heightsize=\"auto\" data-popup-i18n-words=\"{&quot;close&quot;:&quot;fermer&quot;,&quot;next&quot;:&quot;suivant&quot;,&quot;previous&quot;:&quot;pr\\u00e9c\\u00e9dent&quot;,&quot;start_slideshow&quot;:&quot;d\\u00e9marrer le diaporama&quot;,&quot;stop_slideshow&quot;:&quot;arr\\u00e9ter le diaporama&quot;,&quot;image&quot;:&quot;image&quot;,&quot;of&quot;:&quot;de&quot;,&quot;prev&quot;:&quot;pr\\u00e9c.&quot;,&quot;cExpand&quot;:&quot;Agrandir&quot;,&quot;cPrevious&quot;:&quot;Pr\\u00e9c\\u00e9dent&quot;,&quot;cNext&quot;:&quot;Suivant&quot;,&quot;cExpandStr&quot;:&quot;Agrandir l&#039;image&quot;,&quot;cRotate&quot;:&quot;Pivoter&quot;,&quot;cDetails&quot;:&quot;Details&quot;}\" data-popup-slideshow=\"false\" data-popup-slideshow-speed=\"2500\" data-popup-hoverstop=\"false\" data-popup-slideshow-auto=\"false\" data-popup-background=\"\" data-popup-transparency=\"30\" data-popup-disable-history=\"\" data-popup-disable-changed-url=\"\" data-popup-border-type=\"\" data-popup-border-color=\"\" data-popup-border-width=\"\" data-popup-border-enable=\"\" data-fullscreen=\"true\" data-hide-tooltip=\"false\" data-caption-font-family=\"Default\" data-caption-text-size=\"140\" data-is-mobile=\"0\" data-caption-mobile=\"false\" data-hide-long-tltp-title=\"0\" data-caption-disabled-on-mobile=\"false\" data-popup-placement-type=\"0\" data-social-sharing=\"{&quot;enabled&quot;:&quot;&quot;,&quot;gallerySharing&quot;:{&quot;enabled&quot;:null,&quot;position&quot;:null},&quot;imageSharing&quot;:{&quot;enabled&quot;:null,&quot;wrapperClass&quot;:&quot; vertical &quot;},&quot;popupSharing&quot;:{&quot;enabled&quot;:null,&quot;wrapperClass&quot;:&quot; vertical &quot;}}\" class=\"grid-gallery grid-gallery-fixed \" style=\" width:100%; height:auto; margin-left:auto; margin-right:auto;position:relative;\"> <div class=\"gallery-loading\"> <div class=\"blocks\"> <div class=\"block\"><\/div> <div class=\"block\"><\/div> <div class=\"block\"><\/div> <div class=\"block\"><\/div> <\/div> <\/div> <div class=\"gallery-sharing-top\"><\/div> <div id=\"photos-5\" class=\"grid-gallery-photos\"><a id=\"gg-5-28\" class=\"gg-link \" data-attachment-id=\"511\" href=\"http:\/\/www.sonimec.ca\/wp-content\/uploads\/2017\/04\/Unknown.png?gid=5\" target=\"_self\" title=\"QSC audio. hauts parleurs, amplificateur et processeur audio. Distribution audio commercial\" data-rel=\"prettyPhoto[pp_gal]\" style=\"border-radius:00;\" ><FIGURE class=\"grid-gallery-caption\" data-grid-gallery-type=\"quarter-slide-up\" data-index=\"0\" style=\"display:none;border-radius:00;; margin:2.15px; height:400; width:auto;\" ><div class=\"crop\" style=\"\"><img src=\"http:\/\/www.sonimec.ca\/wp-content\/uploads\/2017\/04\/Unknown-164x40.png\" class=\"ggImg ggNotInitImg\" alt=\"Logo QSC\" title=\"QSC audio. hauts parleurs, amplificateur et processeur audio. Distribution audio commercial \" data-description=\"QSC audio. hauts parleurs, amplificateur et processeur audio. Distribution audio commercial \" data-caption=\"Sonorisation Commercial \" data-title=\"Logo QSC\" style=\" height:40px; width:auto;\" \/><\/div><FIGCAPTION class=\"\" data-alpha=\"5\" style=\"color:#ffffff; background-color:#6f0000; font-size:140; text-align:left; font-family:Default;\" ><div class=\"grid-gallery-figcaption-wrap\" style=\" vertical-align:top;\"><div class=\"gg-image-caption fitvidsignore\" style=\"font-size:140;\"><object type=\"none\/none\">Sonorisation Commercial <\/object><\/div><\/div><\/FIGCAPTION><\/FIGURE><\/a><a id=\"gg-5-29\" class=\"gg-link \" data-attachment-id=\"512\" href=\"http:\/\/www.sonimec.ca\/wp-content\/uploads\/2017\/04\/Unknown-1.jpeg?gid=5\" target=\"_self\" title=\"Amplificateur commercial avec ou sans DSP Digital Signal Prossessing\" data-rel=\"prettyPhoto[pp_gal]\" style=\"border-radius:00;\" ><FIGURE class=\"grid-gallery-caption\" data-grid-gallery-type=\"quarter-slide-up\" data-index=\"1\" style=\"display:none;border-radius:00;; margin:2.15px; height:400; width:auto;\" ><div class=\"crop\" style=\"\"><img src=\"http:\/\/www.sonimec.ca\/wp-content\/uploads\/2017\/04\/Unknown-1-52x40.jpeg\" class=\"ggImg ggNotInitImg\" alt=\"QSC amplificateur\" title=\"Amplificateur commercial avec ou sans DSP Digital Signal Prossessing \" data-description=\"Amplificateur commercial avec ou sans DSP Digital Signal Prossessing \" data-caption=\"Amplificateur commercial \" data-title=\"QSC amplificateur\" style=\" height:40px; width:auto;\" \/><\/div><FIGCAPTION class=\"\" data-alpha=\"5\" style=\"color:#ffffff; background-color:#6f0000; font-size:140; text-align:left; font-family:Default;\" ><div class=\"grid-gallery-figcaption-wrap\" style=\" vertical-align:top;\"><div class=\"gg-image-caption fitvidsignore\" style=\"font-size:140;\"><object type=\"none\/none\">Amplificateur commercial <\/object><\/div><\/div><\/FIGCAPTION><\/FIGURE><\/a><a id=\"gg-5-30\" class=\"gg-link \" data-attachment-id=\"513\" href=\"http:\/\/www.sonimec.ca\/wp-content\/uploads\/2017\/04\/Digiflex.jpg?gid=5\" target=\"_self\" title=\"Digiflex. C\u00e2bles audio mont\u00e9s avec connecteurs ou vendu au m\u00e8tre. Plaques murales.\" data-rel=\"prettyPhoto[pp_gal]\" style=\"border-radius:00;\" ><FIGURE class=\"grid-gallery-caption\" data-grid-gallery-type=\"quarter-slide-up\" data-index=\"2\" style=\"display:none;border-radius:00;; margin:2.15px; height:400; width:auto;\" ><div class=\"crop\" style=\"\"><img src=\"http:\/\/www.sonimec.ca\/wp-content\/uploads\/2017\/04\/Digiflex-71x40.jpg\" class=\"ggImg ggNotInitImg\" alt=\"Logo Digiflex\" title=\"Digiflex. C\u00e2bles audio mont\u00e9s avec connecteurs ou vendu au m\u00e8tre. Plaques murales. \" data-description=\"Digiflex. C\u00e2bles audio mont\u00e9s avec connecteurs ou vendu au m\u00e8tre. Plaques murales. \" data-caption=\"Logo Digiflex\" data-title=\"Logo Digiflex\" style=\" height:40px; width:auto;\" \/><\/div><FIGCAPTION class=\"\" data-alpha=\"5\" style=\"color:#ffffff; background-color:#6f0000; font-size:140; text-align:left; font-family:Default;\" ><div class=\"grid-gallery-figcaption-wrap\" style=\" vertical-align:top;\"><div class=\"gg-image-caption fitvidsignore\" style=\"font-size:140;\"><object type=\"none\/none\">Logo Digiflex <\/object><\/div><\/div><\/FIGCAPTION><\/FIGURE><\/a><a id=\"gg-5-31\" class=\"gg-link \" data-attachment-id=\"515\" href=\"http:\/\/www.sonimec.ca\/wp-content\/uploads\/2017\/04\/images.jpeg?gid=5\" target=\"_self\" title=\"Leader mondial microphones sans fil et filaire.\" data-rel=\"prettyPhoto[pp_gal]\" style=\"border-radius:00;\" ><FIGURE class=\"grid-gallery-caption\" data-grid-gallery-type=\"quarter-slide-up\" data-index=\"3\" style=\"display:none;border-radius:00;; margin:2.15px; height:400; width:auto;\" ><div class=\"crop\" style=\"\"><img src=\"http:\/\/www.sonimec.ca\/wp-content\/uploads\/2017\/04\/images-98x40.jpeg\" class=\"ggImg ggNotInitImg\" alt=\"SHURE\" title=\"Leader mondial microphones sans fil et filaire. \" data-description=\"Leader mondial microphones sans fil et filaire. \" data-caption=\"Microphones et accessoires \" data-title=\"SHURE\" style=\" height:40px; width:auto;\" \/><\/div><FIGCAPTION class=\"\" data-alpha=\"5\" style=\"color:#ffffff; background-color:#6f0000; font-size:140; text-align:left; font-family:Default;\" ><div class=\"grid-gallery-figcaption-wrap\" style=\" vertical-align:top;\"><div class=\"gg-image-caption fitvidsignore\" style=\"font-size:140;\"><object type=\"none\/none\">Microphones et accessoires <\/object><\/div><\/div><\/FIGCAPTION><\/FIGURE><\/a><a id=\"gg-5-32\" class=\"gg-link \" data-attachment-id=\"516\" href=\"http:\/\/www.sonimec.ca\/wp-content\/uploads\/2017\/04\/Quest.jpg?gid=5\" target=\"_self\" title=\"Produit sonorisation commercial abordable et simple. Amplificateurs et hauts-parleurs\" data-rel=\"prettyPhoto[pp_gal]\" style=\"border-radius:00;\" ><FIGURE class=\"grid-gallery-caption\" data-grid-gallery-type=\"quarter-slide-up\" data-index=\"4\" style=\"display:none;border-radius:00;; margin:2.15px; height:400; width:auto;\" ><div class=\"crop\" style=\"\"><img src=\"http:\/\/www.sonimec.ca\/wp-content\/uploads\/2017\/04\/Quest-105x40.jpg\" class=\"ggImg ggNotInitImg\" alt=\"Logo Quest\" title=\"Produit sonorisation commercial abordable et simple. Amplificateurs et hauts-parleurs \" data-description=\"Produit sonorisation commercial abordable et simple. Amplificateurs et hauts-parleurs \" data-caption=\"Quest Commercial \" data-title=\"Logo Quest\" style=\" height:40px; width:auto;\" \/><\/div><FIGCAPTION class=\"\" data-alpha=\"5\" style=\"color:#ffffff; background-color:#6f0000; font-size:140; text-align:left; font-family:Default;\" ><div class=\"grid-gallery-figcaption-wrap\" style=\" vertical-align:top;\"><div class=\"gg-image-caption fitvidsignore\" style=\"font-size:140;\"><object type=\"none\/none\">Quest Commercial <\/object><\/div><\/div><\/FIGCAPTION><\/FIGURE><\/a><a id=\"gg-5-33\" class=\"gg-link \" data-attachment-id=\"510\" href=\"http:\/\/www.sonimec.ca\/wp-content\/uploads\/2017\/04\/Bose.jpg?gid=5\" target=\"_self\" title=\"Bose Professionnel audio. Hauts parleurs. Plafonnier, surface, ext\u00e9rieur int\u00e9rieur, Amplificateurs haute et basse imp\u00e9dance 70v, 8 ohm .Processeur de traitement de signal et routage audio. Contr\u00f4le iPad iPod Android Pc Mac r\u00e9seau.\" data-rel=\"prettyPhoto[pp_gal]\" style=\"border-radius:00;\" ><FIGURE class=\"grid-gallery-caption\" data-grid-gallery-type=\"quarter-slide-up\" data-index=\"5\" style=\"display:none;border-radius:00;; margin:2.15px; height:400; width:auto;\" ><div class=\"crop\" style=\"\"><img src=\"http:\/\/www.sonimec.ca\/wp-content\/uploads\/2017\/04\/Bose-93x40.jpg\" class=\"ggImg ggNotInitImg\" alt=\"Bose Professional\" title=\"Bose Professionnel audio. Hauts parleurs. Plafonnier, surface, ext\u00e9rieur int\u00e9rieur, Amplificateurs haute et basse imp\u00e9dance 70v, 8 ohm .Processeur de traitement de signal et routage audio. Contr\u00f4le iPad iPod Android Pc Mac r\u00e9seau. \" data-description=\"Bose Professionnel audio. Hauts parleurs. Plafonnier, surface, ext\u00e9rieur int\u00e9rieur, Amplificateurs haute et basse imp\u00e9dance 70v, 8 ohm .Processeur de traitement de signal et routage audio. Contr\u00f4le iPad iPod Android Pc Mac r\u00e9seau. \" data-caption=\"Bose Commercial audio \" data-title=\"Bose Professional\" style=\" height:40px; width:auto;\" \/><\/div><FIGCAPTION class=\"\" data-alpha=\"5\" style=\"color:#ffffff; background-color:#6f0000; font-size:140; text-align:left; font-family:Default;\" ><div class=\"grid-gallery-figcaption-wrap\" style=\" vertical-align:top;\"><div class=\"gg-image-caption fitvidsignore\" style=\"font-size:140;\"><object type=\"none\/none\">Bose Commercial audio <\/object><\/div><\/div><\/FIGCAPTION><\/FIGURE><\/a><a id=\"gg-5-34\" class=\"gg-link \" data-attachment-id=\"517\" href=\"http:\/\/www.sonimec.ca\/wp-content\/uploads\/2017\/04\/Symetrix.jpg?gid=5\" target=\"_self\" title=\"Logo Symetrix. Processeur de son\" data-rel=\"prettyPhoto[pp_gal]\" style=\"border-radius:00;\" ><FIGURE class=\"grid-gallery-caption\" data-grid-gallery-type=\"quarter-slide-up\" data-index=\"6\" style=\"display:none;border-radius:00;; margin:2.15px; height:400; width:auto;\" ><div class=\"crop\" style=\"\"><img src=\"http:\/\/www.sonimec.ca\/wp-content\/uploads\/2017\/04\/Symetrix-101x40.jpg\" class=\"ggImg ggNotInitImg\" alt=\"Logo Symetrix\" title=\"Logo Symetrix. Processeur de son \" data-description=\"Logo Symetrix. Processeur de son \" data-caption=\"Logo Symetrix\" data-title=\"Logo Symetrix\" style=\" height:40px; width:auto;\" \/><\/div><FIGCAPTION class=\"\" data-alpha=\"5\" style=\"color:#ffffff; background-color:#6f0000; font-size:140; text-align:left; font-family:Default;\" ><div class=\"grid-gallery-figcaption-wrap\" style=\" vertical-align:top;\"><\/div><\/FIGCAPTION><\/FIGURE><\/a> <div class=\"grid-gallery-clearfix\"><\/div> <\/div> <div class=\"gallery-sharing-bottom\"><\/div> <div class=\"grid-gallery-clearfix\"><\/div> <\/div> <!-- Gallery by Supsystic plugin1.15.13 -->\n<p>&nbsp;<\/p>\n","protected":false},"excerpt":{"rendered":"<p>&nbsp; &nbsp; Certains contextes n\u00e9cessitent de pouvoir distribuer diff\u00e9rentes sources sonores dans diff\u00e9rentes zones \u00e0 diff\u00e9rents volumes. Par exemple, un resto-bar peut avoir une terrasse, une salle de r\u00e9union priv\u00e9e et une zone d\u00e9di\u00e9e aux sports t\u00e9l\u00e9vis\u00e9s. Les sources sonores peuvent \u00eatre multiples. Outre la musique d&#8217;ambiance habituelle, il peut y avoir un micro sans<\/p>\n<p class=\"more-link\"><a href=\"http:\/\/www.sonimec.ca\/index.php\/sonorisation-de-zone\/\" class=\"themebutton\">Read More<\/a><\/p>\n","protected":false},"author":1,"featured_media":0,"comment_status":"closed","ping_status":"closed","sticky":false,"template":"","format":"standard","meta":[],"categories":[6],"tags":[],"yoast_head":"<!-- This site is optimized with the Yoast SEO plugin v19.8 - https:\/\/yoast.com\/wordpress\/plugins\/seo\/ -->\n<title>Sonorisation de Zone - Sonimec<\/title>\n<meta name=\"robots\" content=\"index, follow, max-snippet:-1, max-image-preview:large, max-video-preview:-1\" \/>\n<link rel=\"canonical\" href=\"http:\/\/www.sonimec.ca\/index.php\/sonorisation-de-zone\/\" \/>\n<meta property=\"og:locale\" content=\"fr_FR\" \/>\n<meta property=\"og:type\" content=\"article\" \/>\n<meta property=\"og:title\" content=\"Sonorisation de Zone - Sonimec\" \/>\n<meta property=\"og:description\" content=\"&nbsp; &nbsp; Certains contextes n\u00e9cessitent de pouvoir distribuer diff\u00e9rentes sources sonores dans diff\u00e9rentes zones \u00e0 diff\u00e9rents volumes. Par exemple, un resto-bar peut avoir une terrasse, une salle de r\u00e9union priv\u00e9e et une zone d\u00e9di\u00e9e aux sports t\u00e9l\u00e9vis\u00e9s. Les sources sonores peuvent \u00eatre multiples. Outre la musique d&#8217;ambiance habituelle, il peut y avoir un micro sansRead More\" \/>\n<meta property=\"og:url\" content=\"http:\/\/www.sonimec.ca\/index.php\/sonorisation-de-zone\/\" \/>\n<meta property=\"og:site_name\" content=\"Sonimec\" \/>\n<meta property=\"article:publisher\" content=\"https:\/\/www.facebook.com\/sonimec.ca\/\" \/>\n<meta property=\"article:published_time\" content=\"2015-04-24T20:54:44+00:00\" \/>\n<meta property=\"article:modified_time\" content=\"2017-05-22T19:05:49+00:00\" \/>\n<meta name=\"author\" content=\"danbolduc\" \/>\n<meta name=\"twitter:card\" content=\"summary_large_image\" \/>\n<meta name=\"twitter:label1\" content=\"\u00c9crit par\" \/>\n\t<meta name=\"twitter:data1\" content=\"danbolduc\" \/>\n\t<meta name=\"twitter:label2\" content=\"Dur\u00e9e de lecture estim\u00e9e\" \/>\n\t<meta name=\"twitter:data2\" content=\"1 minute\" \/>\n<script type=\"application\/ld+json\" class=\"yoast-schema-graph\">{\"@context\":\"https:\/\/schema.org\",\"@graph\":[{\"@type\":\"Article\",\"@id\":\"http:\/\/www.sonimec.ca\/index.php\/sonorisation-de-zone\/#article\",\"isPartOf\":{\"@id\":\"http:\/\/www.sonimec.ca\/index.php\/sonorisation-de-zone\/\"},\"author\":{\"name\":\"danbolduc\",\"@id\":\"https:\/\/www.sonimec.ca\/#\/schema\/person\/4a51626f55eb4f473d6069a5c78b8846\"},\"headline\":\"Sonorisation de Zone\",\"datePublished\":\"2015-04-24T20:54:44+00:00\",\"dateModified\":\"2017-05-22T19:05:49+00:00\",\"mainEntityOfPage\":{\"@id\":\"http:\/\/www.sonimec.ca\/index.php\/sonorisation-de-zone\/\"},\"wordCount\":197,\"publisher\":{\"@id\":\"https:\/\/www.sonimec.ca\/#organization\"},\"articleSection\":[\"Sonorisation de zone\"],\"inLanguage\":\"fr-FR\"},{\"@type\":\"WebPage\",\"@id\":\"http:\/\/www.sonimec.ca\/index.php\/sonorisation-de-zone\/\",\"url\":\"http:\/\/www.sonimec.ca\/index.php\/sonorisation-de-zone\/\",\"name\":\"Sonorisation de Zone - Sonimec\",\"isPartOf\":{\"@id\":\"https:\/\/www.sonimec.ca\/#website\"},\"datePublished\":\"2015-04-24T20:54:44+00:00\",\"dateModified\":\"2017-05-22T19:05:49+00:00\",\"breadcrumb\":{\"@id\":\"http:\/\/www.sonimec.ca\/index.php\/sonorisation-de-zone\/#breadcrumb\"},\"inLanguage\":\"fr-FR\",\"potentialAction\":[{\"@type\":\"ReadAction\",\"target\":[\"http:\/\/www.sonimec.ca\/index.php\/sonorisation-de-zone\/\"]}]},{\"@type\":\"BreadcrumbList\",\"@id\":\"http:\/\/www.sonimec.ca\/index.php\/sonorisation-de-zone\/#breadcrumb\",\"itemListElement\":[{\"@type\":\"ListItem\",\"position\":1,\"name\":\"Accueil\",\"item\":\"https:\/\/www.sonimec.ca\/\"},{\"@type\":\"ListItem\",\"position\":2,\"name\":\"Sonorisation de Zone\"}]},{\"@type\":\"WebSite\",\"@id\":\"https:\/\/www.sonimec.ca\/#website\",\"url\":\"https:\/\/www.sonimec.ca\/\",\"name\":\"Sonimec\",\"description\":\"Audiovisuel Commercial\",\"publisher\":{\"@id\":\"https:\/\/www.sonimec.ca\/#organization\"},\"potentialAction\":[{\"@type\":\"SearchAction\",\"target\":{\"@type\":\"EntryPoint\",\"urlTemplate\":\"https:\/\/www.sonimec.ca\/?s={search_term_string}\"},\"query-input\":\"required name=search_term_string\"}],\"inLanguage\":\"fr-FR\"},{\"@type\":\"Organization\",\"@id\":\"https:\/\/www.sonimec.ca\/#organization\",\"name\":\"Sonimec\",\"url\":\"https:\/\/www.sonimec.ca\/\",\"sameAs\":[\"https:\/\/www.linkedin.com\/in\/daniel-bolduc-00535358\/\",\"https:\/\/www.facebook.com\/sonimec.ca\/\"],\"logo\":{\"@type\":\"ImageObject\",\"inLanguage\":\"fr-FR\",\"@id\":\"https:\/\/www.sonimec.ca\/#\/schema\/logo\/image\/\",\"url\":\"http:\/\/www.sonimec.ca\/wp-content\/uploads\/2017\/09\/Sonimec-GR-DM.jpg\",\"contentUrl\":\"http:\/\/www.sonimec.ca\/wp-content\/uploads\/2017\/09\/Sonimec-GR-DM.jpg\",\"width\":1660,\"height\":298,\"caption\":\"Sonimec\"},\"image\":{\"@id\":\"https:\/\/www.sonimec.ca\/#\/schema\/logo\/image\/\"}},{\"@type\":\"Person\",\"@id\":\"https:\/\/www.sonimec.ca\/#\/schema\/person\/4a51626f55eb4f473d6069a5c78b8846\",\"name\":\"danbolduc\",\"url\":\"http:\/\/www.sonimec.ca\/index.php\/author\/danbolduc\/\"}]}<\/script>\n<!-- \/ Yoast SEO plugin. -->","yoast_head_json":{"title":"Sonorisation de Zone - Sonimec","robots":{"index":"index","follow":"follow","max-snippet":"max-snippet:-1","max-image-preview":"max-image-preview:large","max-video-preview":"max-video-preview:-1"},"canonical":"http:\/\/www.sonimec.ca\/index.php\/sonorisation-de-zone\/","og_locale":"fr_FR","og_type":"article","og_title":"Sonorisation de Zone - Sonimec","og_description":"&nbsp; &nbsp; Certains contextes n\u00e9cessitent de pouvoir distribuer diff\u00e9rentes sources sonores dans diff\u00e9rentes zones \u00e0 diff\u00e9rents volumes. Par exemple, un resto-bar peut avoir une terrasse, une salle de r\u00e9union priv\u00e9e et une zone d\u00e9di\u00e9e aux sports t\u00e9l\u00e9vis\u00e9s. Les sources sonores peuvent \u00eatre multiples. Outre la musique d&#8217;ambiance habituelle, il peut y avoir un micro sansRead More","og_url":"http:\/\/www.sonimec.ca\/index.php\/sonorisation-de-zone\/","og_site_name":"Sonimec","article_publisher":"https:\/\/www.facebook.com\/sonimec.ca\/","article_published_time":"2015-04-24T20:54:44+00:00","article_modified_time":"2017-05-22T19:05:49+00:00","author":"danbolduc","twitter_card":"summary_large_image","twitter_misc":{"\u00c9crit par":"danbolduc","Dur\u00e9e de lecture estim\u00e9e":"1 minute"},"schema":{"@context":"https:\/\/schema.org","@graph":[{"@type":"Article","@id":"http:\/\/www.sonimec.ca\/index.php\/sonorisation-de-zone\/#article","isPartOf":{"@id":"http:\/\/www.sonimec.ca\/index.php\/sonorisation-de-zone\/"},"author":{"name":"danbolduc","@id":"https:\/\/www.sonimec.ca\/#\/schema\/person\/4a51626f55eb4f473d6069a5c78b8846"},"headline":"Sonorisation de Zone","datePublished":"2015-04-24T20:54:44+00:00","dateModified":"2017-05-22T19:05:49+00:00","mainEntityOfPage":{"@id":"http:\/\/www.sonimec.ca\/index.php\/sonorisation-de-zone\/"},"wordCount":197,"publisher":{"@id":"https:\/\/www.sonimec.ca\/#organization"},"articleSection":["Sonorisation de zone"],"inLanguage":"fr-FR"},{"@type":"WebPage","@id":"http:\/\/www.sonimec.ca\/index.php\/sonorisation-de-zone\/","url":"http:\/\/www.sonimec.ca\/index.php\/sonorisation-de-zone\/","name":"Sonorisation de Zone - Sonimec","isPartOf":{"@id":"https:\/\/www.sonimec.ca\/#website"},"datePublished":"2015-04-24T20:54:44+00:00","dateModified":"2017-05-22T19:05:49+00:00","breadcrumb":{"@id":"http:\/\/www.sonimec.ca\/index.php\/sonorisation-de-zone\/#breadcrumb"},"inLanguage":"fr-FR","potentialAction":[{"@type":"ReadAction","target":["http:\/\/www.sonimec.ca\/index.php\/sonorisation-de-zone\/"]}]},{"@type":"BreadcrumbList","@id":"http:\/\/www.sonimec.ca\/index.php\/sonorisation-de-zone\/#breadcrumb","itemListElement":[{"@type":"ListItem","position":1,"name":"Accueil","item":"https:\/\/www.sonimec.ca\/"},{"@type":"ListItem","position":2,"name":"Sonorisation de Zone"}]},{"@type":"WebSite","@id":"https:\/\/www.sonimec.ca\/#website","url":"https:\/\/www.sonimec.ca\/","name":"Sonimec","description":"Audiovisuel Commercial","publisher":{"@id":"https:\/\/www.sonimec.ca\/#organization"},"potentialAction":[{"@type":"SearchAction","target":{"@type":"EntryPoint","urlTemplate":"https:\/\/www.sonimec.ca\/?s={search_term_string}"},"query-input":"required name=search_term_string"}],"inLanguage":"fr-FR"},{"@type":"Organization","@id":"https:\/\/www.sonimec.ca\/#organization","name":"Sonimec","url":"https:\/\/www.sonimec.ca\/","sameAs":["https:\/\/www.linkedin.com\/in\/daniel-bolduc-00535358\/","https:\/\/www.facebook.com\/sonimec.ca\/"],"logo":{"@type":"ImageObject","inLanguage":"fr-FR","@id":"https:\/\/www.sonimec.ca\/#\/schema\/logo\/image\/","url":"http:\/\/www.sonimec.ca\/wp-content\/uploads\/2017\/09\/Sonimec-GR-DM.jpg","contentUrl":"http:\/\/www.sonimec.ca\/wp-content\/uploads\/2017\/09\/Sonimec-GR-DM.jpg","width":1660,"height":298,"caption":"Sonimec"},"image":{"@id":"https:\/\/www.sonimec.ca\/#\/schema\/logo\/image\/"}},{"@type":"Person","@id":"https:\/\/www.sonimec.ca\/#\/schema\/person\/4a51626f55eb4f473d6069a5c78b8846","name":"danbolduc","url":"http:\/\/www.sonimec.ca\/index.php\/author\/danbolduc\/"}]}},"_links":{"self":[{"href":"http:\/\/www.sonimec.ca\/index.php\/wp-json\/wp\/v2\/posts\/197"}],"collection":[{"href":"http:\/\/www.sonimec.ca\/index.php\/wp-json\/wp\/v2\/posts"}],"about":[{"href":"http:\/\/www.sonimec.ca\/index.php\/wp-json\/wp\/v2\/types\/post"}],"author":[{"embeddable":true,"href":"http:\/\/www.sonimec.ca\/index.php\/wp-json\/wp\/v2\/users\/1"}],"replies":[{"embeddable":true,"href":"http:\/\/www.sonimec.ca\/index.php\/wp-json\/wp\/v2\/comments?post=197"}],"version-history":[{"count":17,"href":"http:\/\/www.sonimec.ca\/index.php\/wp-json\/wp\/v2\/posts\/197\/revisions"}],"predecessor-version":[{"id":551,"href":"http:\/\/www.sonimec.ca\/index.php\/wp-json\/wp\/v2\/posts\/197\/revisions\/551"}],"wp:attachment":[{"href":"http:\/\/www.sonimec.ca\/index.php\/wp-json\/wp\/v2\/media?parent=197"}],"wp:term":[{"taxonomy":"category","embeddable":true,"href":"http:\/\/www.sonimec.ca\/index.php\/wp-json\/wp\/v2\/categories?post=197"},{"taxonomy":"post_tag","embeddable":true,"href":"http:\/\/www.sonimec.ca\/index.php\/wp-json\/wp\/v2\/tags?post=197"}],"curies":[{"name":"wp","href":"https:\/\/api.w.org\/{rel}","templated":true}]}}